{"id":1162,"date":"2012-11-25T21:03:17","date_gmt":"2012-11-25T21:03:17","guid":{"rendered":"http:\/\/www.sylwesterszmyd.pl\/?p=1162"},"modified":"2012-11-26T21:05:27","modified_gmt":"2012-11-26T21:05:27","slug":"pierwsze-zgrupowanie-nowej-druzyny-za-mna","status":"publish","type":"post","link":"http:\/\/www.sylwesterszmyd.pl\/?p=1162","title":{"rendered":"Pierwsze zgrupowanie nowej dru\u017cyny za mn\u0105"},"content":{"rendered":"<p>W\u0142a\u015bciwie mo\u017ce i ostatnie i to jest pi\u0119kne w zawodowstwie. Mo\u017cliwe, \u017ce spotkamy si\u0119 jeszcze w pe\u0142nym sk\u0142adzie przy okazji wy\u015bcig\u00f3w na Majorce w lutym i to by by\u0142o na tyle. <\/p>\n<p>Leo Piepoli kt\u00f3ry je\u017adzi\u0142 w Banesto, przy okazji jak w 2007r. by\u0142em bliski podpisania w\u0142a\u015bnie tam kontraktu, powiedzia\u0142 mi, \u017ce to ekipa dla mnie i b\u0119d\u0119 si\u0119 tu \u015bciga\u0107 do ko\u0144ca kariery. Po pierwszym kontakcie z ekip\u0105 tak to w\u0142a\u015bnie czuj\u0119. Atmosfera mi pasuje, spos\u00f3b pracy, podej\u015bcia do zawodnik\u00f3w r\u00f3wnie\u017c. Jako\u015b si\u0119 dogaduje a nad hiszpa\u0144skim pracuj\u0119 codziennie.<\/p>\n<p>Dzi\u015b przysz\u0142a mi do g\u0142owy ma\u0142a refleksja. W ko\u0144cu listopada 1997r  podpisa\u0142em m\u00f3j pierwszy kontrakt z w\u0142osk\u0105 dru\u017cyn\u0105. To znaczy, \u017ce ju\u017c 15 lat jak si\u0119 krz\u0105tam po europie realizuj\u0105c moje marzenia. Inne to by\u0142y lata, inne spojrzenie na wszystko i nie spodziewa\u0142em si\u0119 wtedy, \u017ce tak d\u0142ugo \u201ezabawi\u0119\u201d w tym \u015brodowisku.<\/p>\n<p>Po 45 dniach bez roweru czas zacz\u0105\u0107 \u201ekr\u0119ci\u0107\u201d. Moje plany wy\u015bcigowe zosta\u0142y znacznie przesuniete. Oczywi\u015bcie \u017cadna Australia czy Argentyna nigdy nie by\u0142y brane pod uwag\u0119, tam mog\u0119 jedynie jecha\u0107 na wakacje, ale r\u00f3wnie\u017c i w lutym o ile dru\u017cyna nie b\u0119dzie potrzebowa\u0107 zawodnik\u00f3w raczej nie b\u0119d\u0119 si\u0119 \u015bciga\u0107. Powinienem zacz\u0105\u0107 z Alejandro od Murci, maj\u0105c jako nadrz\u0119dne cele TdF i Vuelte. Nie ukrywam, \u017ce taki plan to szczyt marze\u0144.  TdF bez Giro!<\/p>\n","protected":false},"excerpt":{"rendered":"<p>W\u0142a\u015bciwie mo\u017ce i ostatnie i to jest pi\u0119kne w zawodowstwie. Mo\u017cliwe, \u017ce spotkamy si\u0119 jeszcze w pe\u0142nym sk\u0142adzie przy okazji wy\u015bcig\u00f3w na Majorce w lutym i to by by\u0142o na tyle. Leo Piepoli kt\u00f3ry je\u017adzi\u0142 w Banesto, przy okazji jak w 2007r. by\u0142em bliski podpisania w\u0142a\u015bnie tam kontraktu, powiedzia\u0142 mi,&#8230;<\/p>\n","protected":false},"author":1,"featured_media":0,"comment_status":"open","ping_status":"closed","sticky":false,"template":"","format":"standard","meta":{"ngg_post_thumbnail":0,"_jetpack_memberships_contains_paid_content":false,"footnotes":""},"categories":[47,3,10],"tags":[],"class_list":["post-1162","post","type-post","status-publish","format-standard","hentry","category-movistar","category-trening","category-wyscigi"],"jetpack_featured_media_url":"","jetpack_sharing_enabled":true,"_links":{"self":[{"href":"http:\/\/www.sylwesterszmyd.pl\/index.php?rest_route=\/wp\/v2\/posts\/1162","targetHints":{"allow":["GET"]}}],"collection":[{"href":"http:\/\/www.sylwesterszmyd.pl\/index.php?rest_route=\/wp\/v2\/posts"}],"about":[{"href":"http:\/\/www.sylwesterszmyd.pl\/index.php?rest_route=\/wp\/v2\/types\/post"}],"author":[{"embeddable":true,"href":"http:\/\/www.sylwesterszmyd.pl\/index.php?rest_route=\/wp\/v2\/users\/1"}],"replies":[{"embeddable":true,"href":"http:\/\/www.sylwesterszmyd.pl\/index.php?rest_route=%2Fwp%2Fv2%2Fcomments&post=1162"}],"version-history":[{"count":2,"href":"http:\/\/www.sylwesterszmyd.pl\/index.php?rest_route=\/wp\/v2\/posts\/1162\/revisions"}],"predecessor-version":[{"id":1164,"href":"http:\/\/www.sylwesterszmyd.pl\/index.php?rest_route=\/wp\/v2\/posts\/1162\/revisions\/1164"}],"wp:attachment":[{"href":"http:\/\/www.sylwesterszmyd.pl\/index.php?rest_route=%2Fwp%2Fv2%2Fmedia&parent=1162"}],"wp:term":[{"taxonomy":"category","embeddable":true,"href":"http:\/\/www.sylwesterszmyd.pl\/index.php?rest_route=%2Fwp%2Fv2%2Fcategories&post=1162"},{"taxonomy":"post_tag","embeddable":true,"href":"http:\/\/www.sylwesterszmyd.pl\/index.php?rest_route=%2Fwp%2Fv2%2Ftags&post=1162"}],"curies":[{"name":"wp","href":"https:\/\/api.w.org\/{rel}","templated":true}]}}