{"id":11,"date":"2010-12-05T21:29:39","date_gmt":"2010-12-05T21:29:39","guid":{"rendered":"http:\/\/szmyd.nazwa.pl\/?p=11"},"modified":"2011-01-16T16:06:45","modified_gmt":"2011-01-16T16:06:45","slug":"pierwsze-zgrupowanie-za-mna","status":"publish","type":"post","link":"http:\/\/www.sylwesterszmyd.pl\/?p=11","title":{"rendered":"Pierwsze zgrupowanie za mn\u0105"},"content":{"rendered":"<p>&#8230; a to znaczy, \u017ce sezon 2011 rozpocz\u0119ty,      a \u015bci\u015blej przygotowania do niego bo ja swoim zwyczajem zaczn\u0119 bardzo p\u00f3\u017ano.<\/p>\n<p>Mo\u017ce za szybko by m\u00f3wi\u0107 o programach startowych, bo o tym na najbli\u017cszym zgrupowaniu na Sardynii, ale ju\u017c mog\u0119 powiedzie\u0107, \u017ce zbyt du\u017cych zmian do 2010 roku nie b\u0119dzie.<\/p>\n<p>Na San Pellegrino jak zwykle du\u017co \u015bniegu, mn\u00f3stwo odpraw i spraw organizacyjnych. Ekipa pomimo du\u017cych zmian sprawia wra\u017cenie dobrze zgranej. By\u0142 r\u00f3wnie\u017c czas na podsumowanie roku i \u017cyczenia powt\u00f3rki najlepszego z dotychczasowych sezon\u00f3w Liquigasu w kt\u00f3rym wygrywali\u015bmy 39 razy i 93 stawali\u015bmy na podium.<\/p>\n<p>W niezale\u017cnych badaniach Liquigas wyliczy\u0142, \u017ce aby zapewni\u0107 sobie tak\u0105 sam\u0105 widoczno\u015b\u0107 w w\u0142oskiej TV i prasie (gdyby nie zainwestowa\u0142 w kolarstwo) musia\u0142by wyda\u0107 41mln euro. B\u0119d\u0105c widocznym (logo) na pierwszym planie przez 31h i 17minut we w\u0142oskiej telewizji. Samo tylko Giro licz\u0105c w ten spos\u00f3b przynios\u0142o mu zwrotu 28 mln euro. Por\u00f3wnuj\u0105c, rok 2009 prawie po\u0142ow\u0119 mniej bo 21mln euro a 2005 rok w kt\u00f3rym zaczyna\u0142 sponsoring, przyni\u00f3s\u0142 zwrot 7mln euro.<\/p>\n<p>Od czwartku do samej Wigilii trenujemy na Sardynii, czyli raczej w s\u0142o\u0144cu i okolicach 15st.C.<\/p>\nngg_shortcode_0_placeholder\n<p>foto: bettiniphoto.net<\/p>\n","protected":false},"excerpt":{"rendered":"<p>&#8230; a to znaczy, \u017ce sezon 2011 rozpocz\u0119ty, a \u015bci\u015blej przygotowania do niego bo ja swoim zwyczajem zaczn\u0119 bardzo p\u00f3\u017ano. Mo\u017ce za szybko by m\u00f3wi\u0107 o programach startowych, bo o tym na najbli\u017cszym zgrupowaniu na Sardynii, ale ju\u017c mog\u0119 powiedzie\u0107, \u017ce zbyt du\u017cych zmian do 2010 roku nie b\u0119dzie. Na&#8230;<\/p>\n","protected":false},"author":1,"featured_media":0,"comment_status":"closed","ping_status":"closed","sticky":false,"template":"","format":"standard","meta":{"ngg_post_thumbnail":0,"_jetpack_memberships_contains_paid_content":false,"footnotes":""},"categories":[20,4,3],"tags":[],"class_list":["post-11","post","type-post","status-publish","format-standard","hentry","category-fotogaleria","category-organizacyjne","category-trening"],"jetpack_featured_media_url":"","jetpack_sharing_enabled":true,"_links":{"self":[{"href":"http:\/\/www.sylwesterszmyd.pl\/index.php?rest_route=\/wp\/v2\/posts\/11","targetHints":{"allow":["GET"]}}],"collection":[{"href":"http:\/\/www.sylwesterszmyd.pl\/index.php?rest_route=\/wp\/v2\/posts"}],"about":[{"href":"http:\/\/www.sylwesterszmyd.pl\/index.php?rest_route=\/wp\/v2\/types\/post"}],"author":[{"embeddable":true,"href":"http:\/\/www.sylwesterszmyd.pl\/index.php?rest_route=\/wp\/v2\/users\/1"}],"replies":[{"embeddable":true,"href":"http:\/\/www.sylwesterszmyd.pl\/index.php?rest_route=%2Fwp%2Fv2%2Fcomments&post=11"}],"version-history":[{"count":7,"href":"http:\/\/www.sylwesterszmyd.pl\/index.php?rest_route=\/wp\/v2\/posts\/11\/revisions"}],"predecessor-version":[{"id":16,"href":"http:\/\/www.sylwesterszmyd.pl\/index.php?rest_route=\/wp\/v2\/posts\/11\/revisions\/16"}],"wp:attachment":[{"href":"http:\/\/www.sylwesterszmyd.pl\/index.php?rest_route=%2Fwp%2Fv2%2Fmedia&parent=11"}],"wp:term":[{"taxonomy":"category","embeddable":true,"href":"http:\/\/www.sylwesterszmyd.pl\/index.php?rest_route=%2Fwp%2Fv2%2Fcategories&post=11"},{"taxonomy":"post_tag","embeddable":true,"href":"http:\/\/www.sylwesterszmyd.pl\/index.php?rest_route=%2Fwp%2Fv2%2Ftags&post=11"}],"curies":[{"name":"wp","href":"https:\/\/api.w.org\/{rel}","templated":true}]}}